{"id":28280,"date":"2024-11-21T17:31:43","date_gmt":"2024-11-21T16:31:43","guid":{"rendered":"https:\/\/www.fillesdelacroix-jeunes.com\/?p=28280"},"modified":"2024-12-05T13:25:57","modified_gmt":"2024-12-05T12:25:57","slug":"merveille-te-fait-profiter-de-son-experience-du-week-end-oser-la-rencontre","status":"publish","type":"post","link":"https:\/\/www.fillesdelacroix-jeunes.com\/index.php\/2024\/11\/21\/merveille-te-fait-profiter-de-son-experience-du-week-end-oser-la-rencontre\/","title":{"rendered":"MERVEILLE te fait profiter de son exp\u00e9rience du week-end \u00ab\u00a0OSER LA RENCONTRE\u00a0\u00bb"},"content":{"rendered":"\t\t<div data-elementor-type=\"wp-post\" data-elementor-id=\"28280\" class=\"elementor elementor-28280\">\n\t\t\t\t<div class=\"elementor-element elementor-element-fbfa07b e-flex e-con-boxed e-con e-parent\" data-id=\"fbfa07b\" data-element_type=\"container\" data-e-type=\"container\">\n\t\t\t\t\t<div class=\"e-con-inner\">\n\t\t\t\t<div class=\"elementor-element elementor-element-ebf6967 elementor-widget elementor-widget-text-editor\" data-id=\"ebf6967\" data-element_type=\"widget\" data-e-type=\"widget\" data-widget_type=\"text-editor.default\">\n\t\t\t\t<div class=\"elementor-widget-container\">\n\t\t\t\t\t\t\t\t\t<p>Un week-end JEUNES a \u00e9t\u00e9 propos\u00e9 par les Filles de la Croix \u00e0 la Maison-M\u00e8re de LA PUYE (83) !<\/p><p>Avec d&rsquo;autres jeunes, Merveille, de Paris, a v\u00e9cu un moment fraternel, joyeux, priant sur \u00ab\u00a0OSER LA RENCONTRE\u00a0\u00bb.<\/p><p>Retrouve en vid\u00e9o sont t\u00e9moignage qui te donnera envie de rencontrer d&rsquo;autres jeunes au prochain week-end !<\/p>\t\t\t\t\t\t\t\t<\/div>\n\t\t\t\t<\/div>\n\t\t\t\t\t<\/div>\n\t\t\t\t<\/div>\n\t\t<div class=\"elementor-element elementor-element-0707ad4 e-grid e-con-boxed e-con e-parent\" data-id=\"0707ad4\" data-element_type=\"container\" data-e-type=\"container\">\n\t\t\t\t\t<div class=\"e-con-inner\">\n\t\t\t\t<div class=\"elementor-element elementor-element-edf1102 elementor-widget elementor-widget-video\" data-id=\"edf1102\" data-element_type=\"widget\" data-e-type=\"widget\" data-settings=\"{&quot;video_type&quot;:&quot;hosted&quot;,&quot;controls&quot;:&quot;yes&quot;}\" data-widget_type=\"video.default\">\n\t\t\t\t<div class=\"elementor-widget-container\">\n\t\t\t\t\t\t\t<div class=\"e-hosted-video elementor-wrapper elementor-open-inline\">\n\t\t\t\t\t<video class=\"elementor-video\" src=\"https:\/\/www.fillesdelacroix-jeunes.com\/wp-content\/uploads\/2024\/11\/Video-FDLC-Merveille.mp4\" controls=\"\" preload=\"metadata\" controlsList=\"nodownload\"><\/video>\n\t\t\t\t<\/div>\n\t\t\t\t\t\t<\/div>\n\t\t\t\t<\/div>\n\t\t\t\t\t<\/div>\n\t\t\t\t<\/div>\n\t\t<div class=\"elementor-element elementor-element-75b6f0f e-flex e-con-boxed e-con e-parent\" data-id=\"75b6f0f\" data-element_type=\"container\" data-e-type=\"container\">\n\t\t\t\t\t<div class=\"e-con-inner\">\n\t\t\t\t<div class=\"elementor-element elementor-element-5bb6510 elementor-widget elementor-widget-text-editor\" data-id=\"5bb6510\" data-element_type=\"widget\" data-e-type=\"widget\" data-widget_type=\"text-editor.default\">\n\t\t\t\t<div class=\"elementor-widget-container\">\n\t\t\t\t\t\t\t\t\t<p>Toutes les vid\u00e9os sur : <a href=\"https:\/\/www.youtube.com\/channel\/UC8wk8zWW6WmLO3oK2avimFg\">https:\/\/www.youtube.com\/channel\/UC8wk8zWW6WmLO3oK2avimFg<\/a><\/p>\t\t\t\t\t\t\t\t<\/div>\n\t\t\t\t<\/div>\n\t\t\t\t\t<\/div>\n\t\t\t\t<\/div>\n\t\t\t\t<\/div>\n\t\t","protected":false},"excerpt":{"rendered":"<p>Un week-end JEUNES a \u00e9t\u00e9 propos\u00e9 par les Filles de la Croix \u00e0 la Maison-M\u00e8re de LA PUYE (83) !<\/p>\n<p>Avec d&rsquo;autres jeunes, Merveille, de Paris, a v\u00e9cu un moment fraternel, joyeux, priant sur \u00ab\u00a0OSER LA RENCONTRE\u00a0\u00bb.<\/p>\n<p>Retrouve en vid\u00e9o sont t\u00e9moignage qui te donnera envie de rencontrer d&rsquo;autres jeunes au prochain week-end !<\/p>\n","protected":false},"author":2,"featured_media":28288,"comment_status":"open","ping_status":"open","sticky":false,"template":"","format":"standard","meta":{"_price":"","_stock":"","_tribe_ticket_header":"","_tribe_default_ticket_provider":"","_tribe_ticket_capacity":"0","_ticket_start_date":"","_ticket_end_date":"","_tribe_ticket_show_description":"","_tribe_ticket_show_not_going":false,"_tribe_ticket_use_global_stock":"","_tribe_ticket_global_stock_level":"","_global_stock_mode":"","_global_stock_cap":"","_tribe_rsvp_for_event":"","_tribe_ticket_going_count":"","_tribe_ticket_not_going_count":"","_tribe_tickets_list":"[]","_tribe_ticket_has_attendee_info_fields":false,"cybocfi_hide_featured_image":"yes","footnotes":""},"categories":[20,21,22],"tags":[],"class_list":["post-28280","post","type-post","status-publish","format-standard","has-post-thumbnail","hentry","category-etudiants","category-evenements","category-jeunes_pro"],"_links":{"self":[{"href":"https:\/\/www.fillesdelacroix-jeunes.com\/index.php\/wp-json\/wp\/v2\/posts\/28280","targetHints":{"allow":["GET"]}}],"collection":[{"href":"https:\/\/www.fillesdelacroix-jeunes.com\/index.php\/wp-json\/wp\/v2\/posts"}],"about":[{"href":"https:\/\/www.fillesdelacroix-jeunes.com\/index.php\/wp-json\/wp\/v2\/types\/post"}],"author":[{"embeddable":true,"href":"https:\/\/www.fillesdelacroix-jeunes.com\/index.php\/wp-json\/wp\/v2\/users\/2"}],"replies":[{"embeddable":true,"href":"https:\/\/www.fillesdelacroix-jeunes.com\/index.php\/wp-json\/wp\/v2\/comments?post=28280"}],"version-history":[{"count":22,"href":"https:\/\/www.fillesdelacroix-jeunes.com\/index.php\/wp-json\/wp\/v2\/posts\/28280\/revisions"}],"predecessor-version":[{"id":28364,"href":"https:\/\/www.fillesdelacroix-jeunes.com\/index.php\/wp-json\/wp\/v2\/posts\/28280\/revisions\/28364"}],"wp:featuredmedia":[{"embeddable":true,"href":"https:\/\/www.fillesdelacroix-jeunes.com\/index.php\/wp-json\/wp\/v2\/media\/28288"}],"wp:attachment":[{"href":"https:\/\/www.fillesdelacroix-jeunes.com\/index.php\/wp-json\/wp\/v2\/media?parent=28280"}],"wp:term":[{"taxonomy":"category","embeddable":true,"href":"https:\/\/www.fillesdelacroix-jeunes.com\/index.php\/wp-json\/wp\/v2\/categories?post=28280"},{"taxonomy":"post_tag","embeddable":true,"href":"https:\/\/www.fillesdelacroix-jeunes.com\/index.php\/wp-json\/wp\/v2\/tags?post=28280"}],"curies":[{"name":"wp","href":"https:\/\/api.w.org\/{rel}","templated":true}]}}